{"id":964,"date":"2018-07-30T13:29:37","date_gmt":"2018-07-30T12:29:37","guid":{"rendered":"http:\/\/franziskus-ameland.de\/?p=964"},"modified":"2018-08-09T14:40:02","modified_gmt":"2018-08-09T13:40:02","slug":"lagerblog-2018-1-woche","status":"publish","type":"post","link":"https:\/\/franziskus-ameland.de\/?p=964","title":{"rendered":"Lagerblog 2018"},"content":{"rendered":"<ol>\n<li><strong>Tag auf Ameland &#8211; Ankunft<\/strong><\/li>\n<\/ol>\n<p>Hallo liebe Eltern, Bekannte, Freunde und Interessierte f\u00fcr unser Amelandlager. Wir sind heute alle gemeinsam fit und munter um 15:45Uhr auf der Insel Ameland eingetroffen und die Kochfrauen und Springer begr\u00fc\u00dften die Kinder, Betreuer und die Lagerleitung mit leckeren k\u00fchlen Getr\u00e4nken.\u00a0 Gegen 18:30Uhr gab es Erbsensuppe zum Abendessen. Das traditionelle Abendprogramm f\u00fcr den ersten Tag war wie in jedem Jahr Kenn-Lern- Spiele. 20:15Uhr begr\u00fc\u00dften Teresa und Tim die Kinder und restlichen Betreuer zu diesem Programmpunkt! Der Abend endete um 22Uhr und alle gingen mit einem guten ersten Gef\u00fchl und die Vorfreude auf die n\u00e4chsten 2 Wochen ins Bett \ud83d\ude42<\/p>\n<div id='gallery-1' class='gallery galleryid-964 gallery-columns-3 gallery-size-thumbnail'><dl class='gallery-item'>\n\t\t\t<dt class='gallery-icon landscape'>\n\t\t\t\t<a href='https:\/\/franziskus-ameland.de\/?attachment_id=978'><img loading=\"lazy\" decoding=\"async\" width=\"150\" height=\"150\" src=\"https:\/\/franziskus-ameland.de\/wp-content\/uploads\/2018\/07\/image003-150x150.jpg\" class=\"attachment-thumbnail size-thumbnail\" alt=\"\" \/><\/a>\n\t\t\t<\/dt><\/dl><dl class='gallery-item'>\n\t\t\t<dt class='gallery-icon landscape'>\n\t\t\t\t<a href='https:\/\/franziskus-ameland.de\/?attachment_id=977'><img loading=\"lazy\" decoding=\"async\" width=\"150\" height=\"150\" src=\"https:\/\/franziskus-ameland.de\/wp-content\/uploads\/2018\/07\/image002-150x150.jpg\" class=\"attachment-thumbnail size-thumbnail\" alt=\"\" \/><\/a>\n\t\t\t<\/dt><\/dl><dl class='gallery-item'>\n\t\t\t<dt class='gallery-icon landscape'>\n\t\t\t\t<a href='https:\/\/franziskus-ameland.de\/?attachment_id=976'><img loading=\"lazy\" decoding=\"async\" width=\"150\" height=\"150\" src=\"https:\/\/franziskus-ameland.de\/wp-content\/uploads\/2018\/07\/image001-150x150.jpg\" class=\"attachment-thumbnail size-thumbnail\" alt=\"\" \/><\/a>\n\t\t\t<\/dt><\/dl><br style=\"clear: both\" \/><dl class='gallery-item'>\n\t\t\t<dt class='gallery-icon landscape'>\n\t\t\t\t<a href='https:\/\/franziskus-ameland.de\/?attachment_id=974'><img loading=\"lazy\" decoding=\"async\" width=\"150\" height=\"150\" src=\"https:\/\/franziskus-ameland.de\/wp-content\/uploads\/2018\/07\/image011-150x150.jpg\" class=\"attachment-thumbnail size-thumbnail\" alt=\"\" \/><\/a>\n\t\t\t<\/dt><\/dl><dl class='gallery-item'>\n\t\t\t<dt class='gallery-icon landscape'>\n\t\t\t\t<a href='https:\/\/franziskus-ameland.de\/?attachment_id=969'><img loading=\"lazy\" decoding=\"async\" width=\"150\" height=\"150\" src=\"https:\/\/franziskus-ameland.de\/wp-content\/uploads\/2018\/07\/image006-150x150.jpg\" class=\"attachment-thumbnail size-thumbnail\" alt=\"\" \/><\/a>\n\t\t\t<\/dt><\/dl><dl class='gallery-item'>\n\t\t\t<dt class='gallery-icon landscape'>\n\t\t\t\t<a href='https:\/\/franziskus-ameland.de\/?attachment_id=970'><img loading=\"lazy\" decoding=\"async\" width=\"150\" height=\"150\" src=\"https:\/\/franziskus-ameland.de\/wp-content\/uploads\/2018\/07\/image007-150x150.jpg\" class=\"attachment-thumbnail size-thumbnail\" alt=\"\" \/><\/a>\n\t\t\t<\/dt><\/dl><br style=\"clear: both\" \/><dl class='gallery-item'>\n\t\t\t<dt class='gallery-icon landscape'>\n\t\t\t\t<a href='https:\/\/franziskus-ameland.de\/?attachment_id=971'><img loading=\"lazy\" decoding=\"async\" width=\"150\" height=\"150\" src=\"https:\/\/franziskus-ameland.de\/wp-content\/uploads\/2018\/07\/image008-150x150.jpg\" class=\"attachment-thumbnail size-thumbnail\" alt=\"\" \/><\/a>\n\t\t\t<\/dt><\/dl><dl class='gallery-item'>\n\t\t\t<dt class='gallery-icon landscape'>\n\t\t\t\t<a href='https:\/\/franziskus-ameland.de\/?attachment_id=972'><img loading=\"lazy\" decoding=\"async\" width=\"150\" height=\"150\" src=\"https:\/\/franziskus-ameland.de\/wp-content\/uploads\/2018\/07\/image009-150x150.jpg\" class=\"attachment-thumbnail size-thumbnail\" alt=\"\" \/><\/a>\n\t\t\t<\/dt><\/dl><dl class='gallery-item'>\n\t\t\t<dt class='gallery-icon landscape'>\n\t\t\t\t<a href='https:\/\/franziskus-ameland.de\/?attachment_id=973'><img loading=\"lazy\" decoding=\"async\" width=\"150\" height=\"150\" src=\"https:\/\/franziskus-ameland.de\/wp-content\/uploads\/2018\/07\/image010-150x150.jpg\" class=\"attachment-thumbnail size-thumbnail\" alt=\"\" \/><\/a>\n\t\t\t<\/dt><\/dl><br style=\"clear: both\" \/><dl class='gallery-item'>\n\t\t\t<dt class='gallery-icon landscape'>\n\t\t\t\t<a href='https:\/\/franziskus-ameland.de\/?attachment_id=968'><img loading=\"lazy\" decoding=\"async\" width=\"150\" height=\"150\" src=\"https:\/\/franziskus-ameland.de\/wp-content\/uploads\/2018\/07\/image005-150x150.jpg\" class=\"attachment-thumbnail size-thumbnail\" alt=\"\" \/><\/a>\n\t\t\t<\/dt><\/dl><dl class='gallery-item'>\n\t\t\t<dt class='gallery-icon landscape'>\n\t\t\t\t<a href='https:\/\/franziskus-ameland.de\/?attachment_id=967'><img loading=\"lazy\" decoding=\"async\" width=\"150\" height=\"150\" src=\"https:\/\/franziskus-ameland.de\/wp-content\/uploads\/2018\/07\/image004-150x150.jpg\" class=\"attachment-thumbnail size-thumbnail\" alt=\"\" \/><\/a>\n\t\t\t<\/dt><\/dl>\n\t\t\t<br style='clear: both' \/>\n\t\t<\/div>\n\n<p><strong>2. Tag auf Ameland<\/strong><\/p>\n<p>Der zweite, aufregende Tag auf Ameland neigt sich dem Ende.<\/p>\n<p>Nach dem Fr\u00fchst\u00fcck am Morgen, haben wir uns durch die Interessensgruppen Dekoration, Kioskbau und das Bemalen der Lagerfahne auf dem Hof h\u00e4uslich eingerichtet.<\/p>\n<p>Am Nachmittag wurden dann die Gruppenfahnen bemalt.<\/p>\n<p>Nach dem Abendessen ging es dann zum ersten Mal zum Strand, wo viele ihre F\u00fc\u00dfe ins Meer steckten. F\u00fcr die j\u00fcngeren Gruppen ging es anschlie\u00dfend um 22.00 Uhr ins Bett und f\u00fcr die \u00e4lteren Gruppen war um 22.30 Uhr Schlafenszeit.<\/p>\n<div id='gallery-2' class='gallery galleryid-964 gallery-columns-3 gallery-size-thumbnail'><dl class='gallery-item'>\n\t\t\t<dt class='gallery-icon landscape'>\n\t\t\t\t<a href='https:\/\/franziskus-ameland.de\/?attachment_id=983'><img loading=\"lazy\" decoding=\"async\" width=\"150\" height=\"150\" src=\"https:\/\/franziskus-ameland.de\/wp-content\/uploads\/2018\/07\/image001-1-150x150.jpg\" class=\"attachment-thumbnail size-thumbnail\" alt=\"\" \/><\/a>\n\t\t\t<\/dt><\/dl><dl class='gallery-item'>\n\t\t\t<dt class='gallery-icon landscape'>\n\t\t\t\t<a href='https:\/\/franziskus-ameland.de\/?attachment_id=984'><img loading=\"lazy\" decoding=\"async\" width=\"150\" height=\"150\" src=\"https:\/\/franziskus-ameland.de\/wp-content\/uploads\/2018\/07\/image002-1-150x150.jpg\" class=\"attachment-thumbnail size-thumbnail\" alt=\"\" \/><\/a>\n\t\t\t<\/dt><\/dl><dl class='gallery-item'>\n\t\t\t<dt class='gallery-icon landscape'>\n\t\t\t\t<a href='https:\/\/franziskus-ameland.de\/?attachment_id=985'><img loading=\"lazy\" decoding=\"async\" width=\"150\" height=\"150\" src=\"https:\/\/franziskus-ameland.de\/wp-content\/uploads\/2018\/07\/image003-1-150x150.jpg\" class=\"attachment-thumbnail size-thumbnail\" alt=\"\" \/><\/a>\n\t\t\t<\/dt><\/dl><br style=\"clear: both\" \/><dl class='gallery-item'>\n\t\t\t<dt class='gallery-icon landscape'>\n\t\t\t\t<a href='https:\/\/franziskus-ameland.de\/?attachment_id=986'><img loading=\"lazy\" decoding=\"async\" width=\"150\" height=\"150\" src=\"https:\/\/franziskus-ameland.de\/wp-content\/uploads\/2018\/07\/image004-1-150x150.jpg\" class=\"attachment-thumbnail size-thumbnail\" alt=\"\" \/><\/a>\n\t\t\t<\/dt><\/dl><dl class='gallery-item'>\n\t\t\t<dt class='gallery-icon landscape'>\n\t\t\t\t<a href='https:\/\/franziskus-ameland.de\/?attachment_id=987'><img loading=\"lazy\" decoding=\"async\" width=\"150\" height=\"150\" src=\"https:\/\/franziskus-ameland.de\/wp-content\/uploads\/2018\/07\/image005-1-150x150.jpg\" class=\"attachment-thumbnail size-thumbnail\" alt=\"\" \/><\/a>\n\t\t\t<\/dt><\/dl><dl class='gallery-item'>\n\t\t\t<dt class='gallery-icon landscape'>\n\t\t\t\t<a href='https:\/\/franziskus-ameland.de\/?attachment_id=988'><img loading=\"lazy\" decoding=\"async\" width=\"150\" height=\"150\" src=\"https:\/\/franziskus-ameland.de\/wp-content\/uploads\/2018\/07\/image006-1-150x150.jpg\" class=\"attachment-thumbnail size-thumbnail\" alt=\"\" \/><\/a>\n\t\t\t<\/dt><\/dl><br style=\"clear: both\" \/>\n\t\t<\/div>\n\n<ol start=\"3\">\n<li><strong>Tag (31.07.2018)<\/strong><\/li>\n<\/ol>\n<p>Nach nun schon zwei unvergesslichen Tagen auf Ameland folgte heute ein aufregender und interessanter Tag. Begonnen haben wir mit den Interessensgruppen, bei denen die Kinder an Sportspielen teilnehmen, unser Lager dekorieren oder Gesellschaftsspiele spielen konnten. Nach dem gemeinsamen Mittagessen sind die Kinder in ihre Workshops gegangen. In diesen wird innerhalb der zwei Wochen auf Ameland ein M\u00e4rchen gedreht, ein Escape Room erstellt, ein Tanz einstudiert und Kreativ gearbeitet. Die Ergebnisse werden in Laufe der Woche dann den anderen Kindern pr\u00e4sentiert. Unser Abendprogramm bestand aus dem Spiel \u201e Schlag den Betreuer\u201c bei denen die einzelnen Gruppen jeweils gegen die Betreuer angetreten sind. Wir hatten alle sehr viel Spa\u00df, trotz dass die Betreuer das Spiel gewonnen haben.<br \/>\nEs war mal wieder ein wundersch\u00f6ner, unvergesslicher aber auch anstrengender Tag<\/p>\n<div id='gallery-3' class='gallery galleryid-964 gallery-columns-3 gallery-size-thumbnail'><dl class='gallery-item'>\n\t\t\t<dt class='gallery-icon landscape'>\n\t\t\t\t<a href='https:\/\/franziskus-ameland.de\/?attachment_id=993'><img loading=\"lazy\" decoding=\"async\" width=\"150\" height=\"150\" src=\"https:\/\/franziskus-ameland.de\/wp-content\/uploads\/2018\/07\/ameland_31.07.2018-_-16_03_00_001-150x150.jpg\" class=\"attachment-thumbnail size-thumbnail\" alt=\"\" \/><\/a>\n\t\t\t<\/dt><\/dl><dl class='gallery-item'>\n\t\t\t<dt class='gallery-icon landscape'>\n\t\t\t\t<a href='https:\/\/franziskus-ameland.de\/?attachment_id=994'><img loading=\"lazy\" decoding=\"async\" width=\"150\" height=\"150\" src=\"https:\/\/franziskus-ameland.de\/wp-content\/uploads\/2018\/07\/ameland_31.07.2018-_-20_10_44_002-150x150.jpg\" class=\"attachment-thumbnail size-thumbnail\" alt=\"\" \/><\/a>\n\t\t\t<\/dt><\/dl><dl class='gallery-item'>\n\t\t\t<dt class='gallery-icon landscape'>\n\t\t\t\t<a href='https:\/\/franziskus-ameland.de\/?attachment_id=995'><img loading=\"lazy\" decoding=\"async\" width=\"150\" height=\"150\" src=\"https:\/\/franziskus-ameland.de\/wp-content\/uploads\/2018\/07\/ameland_31.07.2018-_-21_16_48_003-150x150.jpg\" class=\"attachment-thumbnail size-thumbnail\" alt=\"\" \/><\/a>\n\t\t\t<\/dt><\/dl><br style=\"clear: both\" \/><dl class='gallery-item'>\n\t\t\t<dt class='gallery-icon landscape'>\n\t\t\t\t<a href='https:\/\/franziskus-ameland.de\/?attachment_id=996'><img loading=\"lazy\" decoding=\"async\" width=\"150\" height=\"150\" src=\"https:\/\/franziskus-ameland.de\/wp-content\/uploads\/2018\/07\/ameland_31.07.2018-_-21_19_27_004-150x150.jpg\" class=\"attachment-thumbnail size-thumbnail\" alt=\"\" \/><\/a>\n\t\t\t<\/dt><\/dl><dl class='gallery-item'>\n\t\t\t<dt class='gallery-icon landscape'>\n\t\t\t\t<a href='https:\/\/franziskus-ameland.de\/?attachment_id=997'><img loading=\"lazy\" decoding=\"async\" width=\"150\" height=\"150\" src=\"https:\/\/franziskus-ameland.de\/wp-content\/uploads\/2018\/07\/ameland_31.07.2018-_-21_32_05_005-150x150.jpg\" class=\"attachment-thumbnail size-thumbnail\" alt=\"\" \/><\/a>\n\t\t\t<\/dt><\/dl><dl class='gallery-item'>\n\t\t\t<dt class='gallery-icon landscape'>\n\t\t\t\t<a href='https:\/\/franziskus-ameland.de\/?attachment_id=998'><img loading=\"lazy\" decoding=\"async\" width=\"150\" height=\"150\" src=\"https:\/\/franziskus-ameland.de\/wp-content\/uploads\/2018\/07\/ameland_31.07.2018-_-21_38_12_006-150x150.jpg\" class=\"attachment-thumbnail size-thumbnail\" alt=\"\" \/><\/a>\n\t\t\t<\/dt><\/dl><br style=\"clear: both\" \/>\n\t\t<\/div>\n\n<p>Heute wurden wir mit super Wetter verw\u00f6hnt! Danach richtete sich dann auch das Programm. Morgens haben die Kinder in Gruppe an einem Sportturnier teilgenommen, gespielt wurden Fu\u00dfball, V\u00f6lkerball, Volleyball und Flag-Football. Mit Hilfe eines ausgefeilten Spielplans, gab es genug Trinkpausen. Nachmittags gingen wir dann gemeinsam an den Strand. Die Kinder bekamen die Aufgabe Sandburgen zu bauen und sich dazu eine kurze m\u00e4rchenhafte Geschichte aus zudenken, anschlie\u00dfend wurden die Kunstwerke begutachtet und bewertet. Am Abend wurde das Chaosspiel gespielt, dabei mussten die Kinder auf dem Hof versteckte Nummern suchen und sich den auf der R\u00fcckseite stehenden Code merken. Nach einem erlebnisreichem und anstrengendem Tag an der frischen Luft, sind die Kinder gepl\u00e4ttet ins Bett gefallen.<\/p>\n<div id='gallery-4' class='gallery galleryid-964 gallery-columns-3 gallery-size-thumbnail'><dl class='gallery-item'>\n\t\t\t<dt class='gallery-icon landscape'>\n\t\t\t\t<a href='https:\/\/franziskus-ameland.de\/?attachment_id=1000'><img loading=\"lazy\" decoding=\"async\" width=\"150\" height=\"150\" src=\"https:\/\/franziskus-ameland.de\/wp-content\/uploads\/2018\/07\/ameland_01.08.2018-_-17_21_04_010-150x150.jpg\" class=\"attachment-thumbnail size-thumbnail\" alt=\"\" \/><\/a>\n\t\t\t<\/dt><\/dl><dl class='gallery-item'>\n\t\t\t<dt class='gallery-icon landscape'>\n\t\t\t\t<a href='https:\/\/franziskus-ameland.de\/?attachment_id=1001'><img loading=\"lazy\" decoding=\"async\" width=\"150\" height=\"150\" src=\"https:\/\/franziskus-ameland.de\/wp-content\/uploads\/2018\/07\/ameland_01.08.2018-_-11_06_43_001-150x150.jpg\" class=\"attachment-thumbnail size-thumbnail\" alt=\"\" \/><\/a>\n\t\t\t<\/dt><\/dl><dl class='gallery-item'>\n\t\t\t<dt class='gallery-icon landscape'>\n\t\t\t\t<a href='https:\/\/franziskus-ameland.de\/?attachment_id=1002'><img loading=\"lazy\" decoding=\"async\" width=\"150\" height=\"150\" src=\"https:\/\/franziskus-ameland.de\/wp-content\/uploads\/2018\/07\/ameland_01.08.2018-_-11_29_45_002-150x150.jpg\" class=\"attachment-thumbnail size-thumbnail\" alt=\"\" \/><\/a>\n\t\t\t<\/dt><\/dl><br style=\"clear: both\" \/><dl class='gallery-item'>\n\t\t\t<dt class='gallery-icon landscape'>\n\t\t\t\t<a href='https:\/\/franziskus-ameland.de\/?attachment_id=1003'><img loading=\"lazy\" decoding=\"async\" width=\"150\" height=\"150\" src=\"https:\/\/franziskus-ameland.de\/wp-content\/uploads\/2018\/07\/ameland_01.08.2018-_-11_30_20_003-150x150.jpg\" class=\"attachment-thumbnail size-thumbnail\" alt=\"\" \/><\/a>\n\t\t\t<\/dt><\/dl><dl class='gallery-item'>\n\t\t\t<dt class='gallery-icon landscape'>\n\t\t\t\t<a href='https:\/\/franziskus-ameland.de\/?attachment_id=1004'><img loading=\"lazy\" decoding=\"async\" width=\"150\" height=\"150\" src=\"https:\/\/franziskus-ameland.de\/wp-content\/uploads\/2018\/07\/ameland_01.08.2018-_-12_37_36_004-150x150.jpg\" class=\"attachment-thumbnail size-thumbnail\" alt=\"\" \/><\/a>\n\t\t\t<\/dt><\/dl><dl class='gallery-item'>\n\t\t\t<dt class='gallery-icon landscape'>\n\t\t\t\t<a href='https:\/\/franziskus-ameland.de\/?attachment_id=1005'><img loading=\"lazy\" decoding=\"async\" width=\"150\" height=\"150\" src=\"https:\/\/franziskus-ameland.de\/wp-content\/uploads\/2018\/07\/ameland_01.08.2018-_-16_23_48_005-150x150.jpg\" class=\"attachment-thumbnail size-thumbnail\" alt=\"\" \/><\/a>\n\t\t\t<\/dt><\/dl><br style=\"clear: both\" \/><dl class='gallery-item'>\n\t\t\t<dt class='gallery-icon landscape'>\n\t\t\t\t<a href='https:\/\/franziskus-ameland.de\/?attachment_id=1006'><img loading=\"lazy\" decoding=\"async\" width=\"150\" height=\"150\" src=\"https:\/\/franziskus-ameland.de\/wp-content\/uploads\/2018\/07\/ameland_01.08.2018-_-16_24_10_006-150x150.jpg\" class=\"attachment-thumbnail size-thumbnail\" alt=\"\" \/><\/a>\n\t\t\t<\/dt><\/dl><dl class='gallery-item'>\n\t\t\t<dt class='gallery-icon landscape'>\n\t\t\t\t<a href='https:\/\/franziskus-ameland.de\/?attachment_id=1007'><img loading=\"lazy\" decoding=\"async\" width=\"150\" height=\"150\" src=\"https:\/\/franziskus-ameland.de\/wp-content\/uploads\/2018\/07\/ameland_01.08.2018-_-17_06_15_007-150x150.jpg\" class=\"attachment-thumbnail size-thumbnail\" alt=\"\" \/><\/a>\n\t\t\t<\/dt><\/dl><dl class='gallery-item'>\n\t\t\t<dt class='gallery-icon landscape'>\n\t\t\t\t<a href='https:\/\/franziskus-ameland.de\/?attachment_id=1008'><img loading=\"lazy\" decoding=\"async\" width=\"150\" height=\"150\" src=\"https:\/\/franziskus-ameland.de\/wp-content\/uploads\/2018\/07\/ameland_01.08.2018-_-17_08_33_008-150x150.jpg\" class=\"attachment-thumbnail size-thumbnail\" alt=\"\" \/><\/a>\n\t\t\t<\/dt><\/dl><br style=\"clear: both\" \/><dl class='gallery-item'>\n\t\t\t<dt class='gallery-icon landscape'>\n\t\t\t\t<a href='https:\/\/franziskus-ameland.de\/?attachment_id=1009'><img loading=\"lazy\" decoding=\"async\" width=\"150\" height=\"150\" src=\"https:\/\/franziskus-ameland.de\/wp-content\/uploads\/2018\/07\/ameland_01.08.2018-_-17_18_28_009-150x150.jpg\" class=\"attachment-thumbnail size-thumbnail\" alt=\"\" \/><\/a>\n\t\t\t<\/dt><\/dl>\n\t\t\t<br style='clear: both' \/>\n\t\t<\/div>\n\n<p><strong>Donnerstag, den 2. August &#8211; Tag 4: <\/strong><\/p>\n<p>Am Vormittag sind wir entspannt mit unseren Gruppen in den Tag gestartet. Viele haben sich auf anstehende Shows vorbereitet indem sie sich Wetten \u00fcberlegt oder T\u00e4nze vorbereitet haben.<\/p>\n<p>Am Nachmittag sind die Motoren von unseren Autos hei\u00df gelaufen. \u00a0So konnten wir uns den anstrengenden Fu\u00dfmarsch nach Nes sparen und trotzdem unsere Chips- und Getr\u00e4nkevorr\u00e4te auff\u00fcllen.<\/p>\n<p>Frisch abgek\u00fchlt startete um 20:15 Uhr die Quizshow. Hier konnte jeder sein M\u00e4rchenwissen beim Bilderraten o.\u00e4. beweisen.<\/p>\n<p><strong>Tag 7<\/strong><\/p>\n<p>Tag 7 begann wie meistens die Tage zuvor um 08:30 Uhr mit dem Fr\u00fchst\u00fcck. Anschlie\u00dfend standen dann Workshops auf dem Programm. Ob Filmdreh, Tanztheater oder kreatives Angebot, da war f\u00fcr jeden wieder was dabei! Nachmittags war ab 15Uhr Gruppentreffen angesetzt, woraus kurzerhand eine gro\u00dfe Wasserschlacht mit Wasserbomben und Wasserrutsche wurde. Abends lie\u00dfen wir mit einer Disco und diversen passenden Spielchen den Abend lauthals ausklingen bevor es zwischen 10Uhr und 10:30 zu Bett ging.<\/p>\n<div id='gallery-5' class='gallery galleryid-964 gallery-columns-3 gallery-size-thumbnail'><dl class='gallery-item'>\n\t\t\t<dt class='gallery-icon landscape'>\n\t\t\t\t<a href='https:\/\/franziskus-ameland.de\/?attachment_id=1015'><img loading=\"lazy\" decoding=\"async\" width=\"150\" height=\"150\" src=\"https:\/\/franziskus-ameland.de\/wp-content\/uploads\/2018\/07\/ameland_04.08.2018-_-18_25_50_017-150x150.jpg\" class=\"attachment-thumbnail size-thumbnail\" alt=\"\" \/><\/a>\n\t\t\t<\/dt><\/dl><dl class='gallery-item'>\n\t\t\t<dt class='gallery-icon landscape'>\n\t\t\t\t<a href='https:\/\/franziskus-ameland.de\/?attachment_id=1016'><img loading=\"lazy\" decoding=\"async\" width=\"150\" height=\"150\" src=\"https:\/\/franziskus-ameland.de\/wp-content\/uploads\/2018\/07\/ameland_04.08.2018-_-18_23_32_001-150x150.jpg\" class=\"attachment-thumbnail size-thumbnail\" alt=\"\" \/><\/a>\n\t\t\t<\/dt><\/dl><dl class='gallery-item'>\n\t\t\t<dt class='gallery-icon landscape'>\n\t\t\t\t<a href='https:\/\/franziskus-ameland.de\/?attachment_id=1017'><img loading=\"lazy\" decoding=\"async\" width=\"150\" height=\"150\" src=\"https:\/\/franziskus-ameland.de\/wp-content\/uploads\/2018\/07\/ameland_04.08.2018-_-18_23_40_002-150x150.jpg\" class=\"attachment-thumbnail size-thumbnail\" alt=\"\" \/><\/a>\n\t\t\t<\/dt><\/dl><br style=\"clear: both\" \/><dl class='gallery-item'>\n\t\t\t<dt class='gallery-icon landscape'>\n\t\t\t\t<a href='https:\/\/franziskus-ameland.de\/?attachment_id=1018'><img loading=\"lazy\" decoding=\"async\" width=\"150\" height=\"150\" src=\"https:\/\/franziskus-ameland.de\/wp-content\/uploads\/2018\/07\/ameland_04.08.2018-_-18_23_42_003-150x150.jpg\" class=\"attachment-thumbnail size-thumbnail\" alt=\"\" \/><\/a>\n\t\t\t<\/dt><\/dl><dl class='gallery-item'>\n\t\t\t<dt class='gallery-icon landscape'>\n\t\t\t\t<a href='https:\/\/franziskus-ameland.de\/?attachment_id=1019'><img loading=\"lazy\" decoding=\"async\" width=\"150\" height=\"150\" src=\"https:\/\/franziskus-ameland.de\/wp-content\/uploads\/2018\/07\/ameland_04.08.2018-_-18_23_54_005-150x150.jpg\" class=\"attachment-thumbnail size-thumbnail\" alt=\"\" \/><\/a>\n\t\t\t<\/dt><\/dl><dl class='gallery-item'>\n\t\t\t<dt class='gallery-icon landscape'>\n\t\t\t\t<a href='https:\/\/franziskus-ameland.de\/?attachment_id=1020'><img loading=\"lazy\" decoding=\"async\" width=\"150\" height=\"150\" src=\"https:\/\/franziskus-ameland.de\/wp-content\/uploads\/2018\/07\/ameland_04.08.2018-_-18_24_02_006-150x150.jpg\" class=\"attachment-thumbnail size-thumbnail\" alt=\"\" \/><\/a>\n\t\t\t<\/dt><\/dl><br style=\"clear: both\" \/><dl class='gallery-item'>\n\t\t\t<dt class='gallery-icon landscape'>\n\t\t\t\t<a href='https:\/\/franziskus-ameland.de\/?attachment_id=1021'><img loading=\"lazy\" decoding=\"async\" width=\"150\" height=\"150\" src=\"https:\/\/franziskus-ameland.de\/wp-content\/uploads\/2018\/07\/ameland_04.08.2018-_-18_24_10_007-150x150.jpg\" class=\"attachment-thumbnail size-thumbnail\" alt=\"\" \/><\/a>\n\t\t\t<\/dt><\/dl><dl class='gallery-item'>\n\t\t\t<dt class='gallery-icon landscape'>\n\t\t\t\t<a href='https:\/\/franziskus-ameland.de\/?attachment_id=1022'><img loading=\"lazy\" decoding=\"async\" width=\"150\" height=\"150\" src=\"https:\/\/franziskus-ameland.de\/wp-content\/uploads\/2018\/07\/ameland_04.08.2018-_-18_24_16_008-150x150.jpg\" class=\"attachment-thumbnail size-thumbnail\" alt=\"\" \/><\/a>\n\t\t\t<\/dt><\/dl><dl class='gallery-item'>\n\t\t\t<dt class='gallery-icon portrait'>\n\t\t\t\t<a href='https:\/\/franziskus-ameland.de\/?attachment_id=1023'><img loading=\"lazy\" decoding=\"async\" width=\"150\" height=\"150\" src=\"https:\/\/franziskus-ameland.de\/wp-content\/uploads\/2018\/07\/ameland_04.08.2018-_-18_24_18_009-150x150.jpg\" class=\"attachment-thumbnail size-thumbnail\" alt=\"\" \/><\/a>\n\t\t\t<\/dt><\/dl><br style=\"clear: both\" \/><dl class='gallery-item'>\n\t\t\t<dt class='gallery-icon landscape'>\n\t\t\t\t<a href='https:\/\/franziskus-ameland.de\/?attachment_id=1024'><img loading=\"lazy\" decoding=\"async\" width=\"150\" height=\"150\" src=\"https:\/\/franziskus-ameland.de\/wp-content\/uploads\/2018\/07\/ameland_04.08.2018-_-18_24_24_010-150x150.jpg\" class=\"attachment-thumbnail size-thumbnail\" alt=\"\" \/><\/a>\n\t\t\t<\/dt><\/dl><dl class='gallery-item'>\n\t\t\t<dt class='gallery-icon landscape'>\n\t\t\t\t<a href='https:\/\/franziskus-ameland.de\/?attachment_id=1025'><img loading=\"lazy\" decoding=\"async\" width=\"150\" height=\"150\" src=\"https:\/\/franziskus-ameland.de\/wp-content\/uploads\/2018\/07\/ameland_04.08.2018-_-18_24_38_011-150x150.jpg\" class=\"attachment-thumbnail size-thumbnail\" alt=\"\" \/><\/a>\n\t\t\t<\/dt><\/dl><dl class='gallery-item'>\n\t\t\t<dt class='gallery-icon landscape'>\n\t\t\t\t<a href='https:\/\/franziskus-ameland.de\/?attachment_id=1026'><img loading=\"lazy\" decoding=\"async\" width=\"150\" height=\"150\" src=\"https:\/\/franziskus-ameland.de\/wp-content\/uploads\/2018\/07\/ameland_04.08.2018-_-18_25_14_012-150x150.jpg\" class=\"attachment-thumbnail size-thumbnail\" alt=\"\" \/><\/a>\n\t\t\t<\/dt><\/dl><br style=\"clear: both\" \/><dl class='gallery-item'>\n\t\t\t<dt class='gallery-icon landscape'>\n\t\t\t\t<a href='https:\/\/franziskus-ameland.de\/?attachment_id=1027'><img loading=\"lazy\" decoding=\"async\" width=\"150\" height=\"150\" src=\"https:\/\/franziskus-ameland.de\/wp-content\/uploads\/2018\/07\/ameland_04.08.2018-_-18_25_28_013-150x150.jpg\" class=\"attachment-thumbnail size-thumbnail\" alt=\"\" \/><\/a>\n\t\t\t<\/dt><\/dl><dl class='gallery-item'>\n\t\t\t<dt class='gallery-icon landscape'>\n\t\t\t\t<a href='https:\/\/franziskus-ameland.de\/?attachment_id=1028'><img loading=\"lazy\" decoding=\"async\" width=\"150\" height=\"150\" src=\"https:\/\/franziskus-ameland.de\/wp-content\/uploads\/2018\/07\/ameland_04.08.2018-_-18_25_28_014-150x150.jpg\" class=\"attachment-thumbnail size-thumbnail\" alt=\"\" \/><\/a>\n\t\t\t<\/dt><\/dl><dl class='gallery-item'>\n\t\t\t<dt class='gallery-icon landscape'>\n\t\t\t\t<a href='https:\/\/franziskus-ameland.de\/?attachment_id=1029'><img loading=\"lazy\" decoding=\"async\" width=\"150\" height=\"150\" src=\"https:\/\/franziskus-ameland.de\/wp-content\/uploads\/2018\/07\/ameland_04.08.2018-_-18_25_36_015-150x150.jpg\" class=\"attachment-thumbnail size-thumbnail\" alt=\"\" \/><\/a>\n\t\t\t<\/dt><\/dl><br style=\"clear: both\" \/><dl class='gallery-item'>\n\t\t\t<dt class='gallery-icon landscape'>\n\t\t\t\t<a href='https:\/\/franziskus-ameland.de\/?attachment_id=1030'><img loading=\"lazy\" decoding=\"async\" width=\"150\" height=\"150\" src=\"https:\/\/franziskus-ameland.de\/wp-content\/uploads\/2018\/07\/ameland_04.08.2018-_-18_25_42_016-150x150.jpg\" class=\"attachment-thumbnail size-thumbnail\" alt=\"\" \/><\/a>\n\t\t\t<\/dt><\/dl>\n\t\t\t<br style='clear: both' \/>\n\t\t<\/div>\n\n<p><strong>Tagesbericht von Sonntag, den 05.08 &#8211; Tag 8<\/strong><\/p>\n<p>Gestartet hat der heutige Tag mit den \u00fcblichen Workshops Escape-Room, Tanztheater, Filmdreh und kreatives Angebot. Kurz nach dem Mittagessen machten wir uns auf in die Stadt nach Nes, um am Betreuer-Such-Spiel teilzunehmen. Die 9 kost\u00fcmierten Betreuer wurden in der ganzen Stadt gesucht und zum gr\u00f6\u00dften Teil auch gefunden. Anschlie\u00dfend ging es zu Fu\u00df zur\u00fcck zum Hof. Am Abend gab es einen Kino-Abend mit reichlich Popkorn, bevor es dann zu den gewohnten Zeiten ins Bett ging.<\/p>\n<div id='gallery-6' class='gallery galleryid-964 gallery-columns-3 gallery-size-thumbnail'><dl class='gallery-item'>\n\t\t\t<dt class='gallery-icon landscape'>\n\t\t\t\t<a href='https:\/\/franziskus-ameland.de\/?attachment_id=1047'><img loading=\"lazy\" decoding=\"async\" width=\"150\" height=\"150\" src=\"https:\/\/franziskus-ameland.de\/wp-content\/uploads\/2018\/07\/ameland_05.08.2018-_-10_56_18_001-150x150.jpg\" class=\"attachment-thumbnail size-thumbnail\" alt=\"\" \/><\/a>\n\t\t\t<\/dt><\/dl><dl class='gallery-item'>\n\t\t\t<dt class='gallery-icon landscape'>\n\t\t\t\t<a href='https:\/\/franziskus-ameland.de\/?attachment_id=1049'><img loading=\"lazy\" decoding=\"async\" width=\"150\" height=\"150\" src=\"https:\/\/franziskus-ameland.de\/wp-content\/uploads\/2018\/07\/ameland_05.08.2018-_-20_41_37_004-150x150.jpg\" class=\"attachment-thumbnail size-thumbnail\" alt=\"\" \/><\/a>\n\t\t\t<\/dt><\/dl><dl class='gallery-item'>\n\t\t\t<dt class='gallery-icon landscape'>\n\t\t\t\t<a href='https:\/\/franziskus-ameland.de\/?attachment_id=1048'><img loading=\"lazy\" decoding=\"async\" width=\"150\" height=\"150\" src=\"https:\/\/franziskus-ameland.de\/wp-content\/uploads\/2018\/07\/ameland_05.08.2018-_-20_40_52_003-150x150.jpg\" class=\"attachment-thumbnail size-thumbnail\" alt=\"\" \/><\/a>\n\t\t\t<\/dt><\/dl><br style=\"clear: both\" \/>\n\t\t<\/div>\n\n<ol start=\"9\">\n<li><strong>Tag auf Ameland<\/strong><\/li>\n<\/ol>\n<p>Begonnen haben wir den Tag in dem wir mit den Kindern in Richtung Ballumer Bucht gingen um w\u00e4hrenddessen \u2013 ungeahnt von den Kindern- ein Wasserpark bei uns am Lager aufbauen zulassen. Die Kinder hatten den ganzen Tag Zeit sich auf dem Wasserpark auszutoben. Bei einem gemeinsamen Grillen und einer Nachtwanderung haben wir den Tag ruhig ausklingen lassen.<\/p>\n<p>Eine solche, au\u00dfergew\u00f6hnliche Aktion wurde auch durch die vielen Sponsoren m\u00f6glich gemacht, bei denen wir uns auch im Namen der Kinder herzlich bedanken !<\/p>\n<div id='gallery-7' class='gallery galleryid-964 gallery-columns-3 gallery-size-thumbnail'><dl class='gallery-item'>\n\t\t\t<dt class='gallery-icon landscape'>\n\t\t\t\t<a href='https:\/\/franziskus-ameland.de\/?attachment_id=1034'><img loading=\"lazy\" decoding=\"async\" width=\"150\" height=\"150\" src=\"https:\/\/franziskus-ameland.de\/wp-content\/uploads\/2018\/07\/ameland_06.08.2018-_-09_57_41_001-150x150.jpg\" class=\"attachment-thumbnail size-thumbnail\" alt=\"\" \/><\/a>\n\t\t\t<\/dt><\/dl><dl class='gallery-item'>\n\t\t\t<dt class='gallery-icon landscape'>\n\t\t\t\t<a href='https:\/\/franziskus-ameland.de\/?attachment_id=1035'><img loading=\"lazy\" decoding=\"async\" width=\"150\" height=\"150\" src=\"https:\/\/franziskus-ameland.de\/wp-content\/uploads\/2018\/07\/ameland_06.08.2018-_-10_25_35_002-150x150.jpg\" class=\"attachment-thumbnail size-thumbnail\" alt=\"\" \/><\/a>\n\t\t\t<\/dt><\/dl><dl class='gallery-item'>\n\t\t\t<dt class='gallery-icon landscape'>\n\t\t\t\t<a href='https:\/\/franziskus-ameland.de\/?attachment_id=1036'><img loading=\"lazy\" decoding=\"async\" width=\"150\" height=\"150\" src=\"https:\/\/franziskus-ameland.de\/wp-content\/uploads\/2018\/07\/ameland_06.08.2018-_-10_34_25_003-150x150.jpg\" class=\"attachment-thumbnail size-thumbnail\" alt=\"\" \/><\/a>\n\t\t\t<\/dt><\/dl><br style=\"clear: both\" \/><dl class='gallery-item'>\n\t\t\t<dt class='gallery-icon landscape'>\n\t\t\t\t<a href='https:\/\/franziskus-ameland.de\/?attachment_id=1037'><img loading=\"lazy\" decoding=\"async\" width=\"150\" height=\"150\" src=\"https:\/\/franziskus-ameland.de\/wp-content\/uploads\/2018\/07\/ameland_06.08.2018-_-10_41_25_004-150x150.jpg\" class=\"attachment-thumbnail size-thumbnail\" alt=\"\" \/><\/a>\n\t\t\t<\/dt><\/dl><dl class='gallery-item'>\n\t\t\t<dt class='gallery-icon landscape'>\n\t\t\t\t<a href='https:\/\/franziskus-ameland.de\/?attachment_id=1038'><img loading=\"lazy\" decoding=\"async\" width=\"150\" height=\"150\" src=\"https:\/\/franziskus-ameland.de\/wp-content\/uploads\/2018\/07\/ameland_06.08.2018-_-10_48_43_005-150x150.jpg\" class=\"attachment-thumbnail size-thumbnail\" alt=\"\" \/><\/a>\n\t\t\t<\/dt><\/dl><dl class='gallery-item'>\n\t\t\t<dt class='gallery-icon landscape'>\n\t\t\t\t<a href='https:\/\/franziskus-ameland.de\/?attachment_id=1039'><img loading=\"lazy\" decoding=\"async\" width=\"150\" height=\"150\" src=\"https:\/\/franziskus-ameland.de\/wp-content\/uploads\/2018\/07\/ameland_06.08.2018-_-10_48_57_006-150x150.jpg\" class=\"attachment-thumbnail size-thumbnail\" alt=\"\" \/><\/a>\n\t\t\t<\/dt><\/dl><br style=\"clear: both\" \/><dl class='gallery-item'>\n\t\t\t<dt class='gallery-icon landscape'>\n\t\t\t\t<a href='https:\/\/franziskus-ameland.de\/?attachment_id=1040'><img loading=\"lazy\" decoding=\"async\" width=\"150\" height=\"150\" src=\"https:\/\/franziskus-ameland.de\/wp-content\/uploads\/2018\/07\/ameland_06.08.2018-_-10_49_35_007-150x150.jpg\" class=\"attachment-thumbnail size-thumbnail\" alt=\"\" \/><\/a>\n\t\t\t<\/dt><\/dl><dl class='gallery-item'>\n\t\t\t<dt class='gallery-icon landscape'>\n\t\t\t\t<a href='https:\/\/franziskus-ameland.de\/?attachment_id=1041'><img loading=\"lazy\" decoding=\"async\" width=\"150\" height=\"150\" src=\"https:\/\/franziskus-ameland.de\/wp-content\/uploads\/2018\/07\/ameland_06.08.2018-_-16_33_33_008-150x150.jpg\" class=\"attachment-thumbnail size-thumbnail\" alt=\"\" \/><\/a>\n\t\t\t<\/dt><\/dl><dl class='gallery-item'>\n\t\t\t<dt class='gallery-icon landscape'>\n\t\t\t\t<a href='https:\/\/franziskus-ameland.de\/?attachment_id=1042'><img loading=\"lazy\" decoding=\"async\" width=\"150\" height=\"150\" src=\"https:\/\/franziskus-ameland.de\/wp-content\/uploads\/2018\/07\/ameland_06.08.2018-_-16_38_04_009-150x150.jpg\" class=\"attachment-thumbnail size-thumbnail\" alt=\"\" \/><\/a>\n\t\t\t<\/dt><\/dl><br style=\"clear: both\" \/><dl class='gallery-item'>\n\t\t\t<dt class='gallery-icon landscape'>\n\t\t\t\t<a href='https:\/\/franziskus-ameland.de\/?attachment_id=1043'><img loading=\"lazy\" decoding=\"async\" width=\"150\" height=\"150\" src=\"https:\/\/franziskus-ameland.de\/wp-content\/uploads\/2018\/07\/ameland_06.08.2018-_-16_38_35_010-150x150.jpg\" class=\"attachment-thumbnail size-thumbnail\" alt=\"\" \/><\/a>\n\t\t\t<\/dt><\/dl><dl class='gallery-item'>\n\t\t\t<dt class='gallery-icon landscape'>\n\t\t\t\t<a href='https:\/\/franziskus-ameland.de\/?attachment_id=1044'><img loading=\"lazy\" decoding=\"async\" width=\"150\" height=\"150\" src=\"https:\/\/franziskus-ameland.de\/wp-content\/uploads\/2018\/07\/ameland_06.08.2018-_-16_40_54_011-150x150.jpg\" class=\"attachment-thumbnail size-thumbnail\" alt=\"\" \/><\/a>\n\t\t\t<\/dt><\/dl>\n\t\t\t<br style='clear: both' \/>\n\t\t<\/div>\n\n<p><strong>Mittwoch, der 8. August:<\/strong><\/p>\n<p>Am Mittwochvormittag feierten wir mit Pastor Linsen die Amelandmesse. Hier haben wir gemeinsam vor unserem Einfang ein Zelt aus F\u00e4den gebastelt.<\/p>\n<p>Am Nachmittag hatten die Kinder zum einen die M\u00f6glichkeit ihr letztes Taschengeld in Nes auszugeben und den Markt dort zu besuchen. Zum anderen bestand die Option die Zeit am Hof zu verbringen um sich auszuruhen oder auf den Abend vorzubereiten. Da hie\u00df es n\u00e4mlich \u201eShow-Time\u201c. Die \u201eSch\u00f6nen und Ivonne\u201c f\u00fchrten durch ein abwechslungsreiches Programm von Ameland next Talent (ANT). Die meisten Gruppen verzauberten die Jury mit t\u00e4nzerischen Einlagen und akrobatischen K\u00fcnsten. Die Aftershowparty wurde von den \u201eStar Squads\u201c er\u00f6ffnet und war ein voller Erfolg!<\/p>\n<div id='gallery-8' class='gallery galleryid-964 gallery-columns-3 gallery-size-thumbnail'><dl class='gallery-item'>\n\t\t\t<dt class='gallery-icon landscape'>\n\t\t\t\t<a href='https:\/\/franziskus-ameland.de\/?attachment_id=1052'><img loading=\"lazy\" decoding=\"async\" width=\"150\" height=\"150\" src=\"https:\/\/franziskus-ameland.de\/wp-content\/uploads\/2018\/07\/ameland_IMG_9420_08.08.2018-_-21_22_24-150x150.jpg\" class=\"attachment-thumbnail size-thumbnail\" alt=\"\" \/><\/a>\n\t\t\t<\/dt><\/dl><dl class='gallery-item'>\n\t\t\t<dt class='gallery-icon landscape'>\n\t\t\t\t<a href='https:\/\/franziskus-ameland.de\/?attachment_id=1053'><img loading=\"lazy\" decoding=\"async\" width=\"150\" height=\"150\" src=\"https:\/\/franziskus-ameland.de\/wp-content\/uploads\/2018\/07\/ameland_IMG_9315_08.08.2018-_-10_24_11-150x150.jpg\" class=\"attachment-thumbnail size-thumbnail\" alt=\"\" \/><\/a>\n\t\t\t<\/dt><\/dl><dl class='gallery-item'>\n\t\t\t<dt class='gallery-icon landscape'>\n\t\t\t\t<a href='https:\/\/franziskus-ameland.de\/?attachment_id=1054'><img loading=\"lazy\" decoding=\"async\" width=\"150\" height=\"150\" src=\"https:\/\/franziskus-ameland.de\/wp-content\/uploads\/2018\/07\/ameland_IMG_9324_08.08.2018-_-10_39_44-150x150.jpg\" class=\"attachment-thumbnail size-thumbnail\" alt=\"\" \/><\/a>\n\t\t\t<\/dt><\/dl><br style=\"clear: both\" \/><dl class='gallery-item'>\n\t\t\t<dt class='gallery-icon landscape'>\n\t\t\t\t<a href='https:\/\/franziskus-ameland.de\/?attachment_id=1055'><img loading=\"lazy\" decoding=\"async\" width=\"150\" height=\"150\" src=\"https:\/\/franziskus-ameland.de\/wp-content\/uploads\/2018\/07\/ameland_IMG_9326_08.08.2018-_-11_07_05-150x150.jpg\" class=\"attachment-thumbnail size-thumbnail\" alt=\"\" \/><\/a>\n\t\t\t<\/dt><\/dl><dl class='gallery-item'>\n\t\t\t<dt class='gallery-icon landscape'>\n\t\t\t\t<a href='https:\/\/franziskus-ameland.de\/?attachment_id=1056'><img loading=\"lazy\" decoding=\"async\" width=\"150\" height=\"150\" src=\"https:\/\/franziskus-ameland.de\/wp-content\/uploads\/2018\/07\/ameland_IMG_9339_08.08.2018-_-20_15_51-150x150.jpg\" class=\"attachment-thumbnail size-thumbnail\" alt=\"\" \/><\/a>\n\t\t\t<\/dt><\/dl><dl class='gallery-item'>\n\t\t\t<dt class='gallery-icon landscape'>\n\t\t\t\t<a href='https:\/\/franziskus-ameland.de\/?attachment_id=1057'><img loading=\"lazy\" decoding=\"async\" width=\"150\" height=\"150\" src=\"https:\/\/franziskus-ameland.de\/wp-content\/uploads\/2018\/07\/ameland_IMG_9346_08.08.2018-_-20_22_14-150x150.jpg\" class=\"attachment-thumbnail size-thumbnail\" alt=\"\" \/><\/a>\n\t\t\t<\/dt><\/dl><br style=\"clear: both\" \/><dl class='gallery-item'>\n\t\t\t<dt class='gallery-icon landscape'>\n\t\t\t\t<a href='https:\/\/franziskus-ameland.de\/?attachment_id=1058'><img loading=\"lazy\" decoding=\"async\" width=\"150\" height=\"150\" src=\"https:\/\/franziskus-ameland.de\/wp-content\/uploads\/2018\/07\/ameland_IMG_9352_08.08.2018-_-20_26_04-150x150.jpg\" class=\"attachment-thumbnail size-thumbnail\" alt=\"\" \/><\/a>\n\t\t\t<\/dt><\/dl><dl class='gallery-item'>\n\t\t\t<dt class='gallery-icon landscape'>\n\t\t\t\t<a href='https:\/\/franziskus-ameland.de\/?attachment_id=1059'><img loading=\"lazy\" decoding=\"async\" width=\"150\" height=\"150\" src=\"https:\/\/franziskus-ameland.de\/wp-content\/uploads\/2018\/07\/ameland_IMG_9357_08.08.2018-_-20_31_04-150x150.jpg\" class=\"attachment-thumbnail size-thumbnail\" alt=\"\" \/><\/a>\n\t\t\t<\/dt><\/dl><dl class='gallery-item'>\n\t\t\t<dt class='gallery-icon landscape'>\n\t\t\t\t<a href='https:\/\/franziskus-ameland.de\/?attachment_id=1060'><img loading=\"lazy\" decoding=\"async\" width=\"150\" height=\"150\" src=\"https:\/\/franziskus-ameland.de\/wp-content\/uploads\/2018\/07\/ameland_IMG_9364_08.08.2018-_-20_33_21-150x150.jpg\" class=\"attachment-thumbnail size-thumbnail\" alt=\"\" \/><\/a>\n\t\t\t<\/dt><\/dl><br style=\"clear: both\" \/><dl class='gallery-item'>\n\t\t\t<dt class='gallery-icon landscape'>\n\t\t\t\t<a href='https:\/\/franziskus-ameland.de\/?attachment_id=1061'><img loading=\"lazy\" decoding=\"async\" width=\"150\" height=\"150\" src=\"https:\/\/franziskus-ameland.de\/wp-content\/uploads\/2018\/07\/ameland_IMG_9373_08.08.2018-_-20_37_39-150x150.jpg\" class=\"attachment-thumbnail size-thumbnail\" alt=\"\" \/><\/a>\n\t\t\t<\/dt><\/dl><dl class='gallery-item'>\n\t\t\t<dt class='gallery-icon landscape'>\n\t\t\t\t<a href='https:\/\/franziskus-ameland.de\/?attachment_id=1062'><img loading=\"lazy\" decoding=\"async\" width=\"150\" height=\"150\" src=\"https:\/\/franziskus-ameland.de\/wp-content\/uploads\/2018\/07\/ameland_IMG_9374_08.08.2018-_-20_37_45-150x150.jpg\" class=\"attachment-thumbnail size-thumbnail\" alt=\"\" \/><\/a>\n\t\t\t<\/dt><\/dl><dl class='gallery-item'>\n\t\t\t<dt class='gallery-icon landscape'>\n\t\t\t\t<a href='https:\/\/franziskus-ameland.de\/?attachment_id=1063'><img loading=\"lazy\" decoding=\"async\" width=\"150\" height=\"150\" src=\"https:\/\/franziskus-ameland.de\/wp-content\/uploads\/2018\/07\/ameland_IMG_9381_08.08.2018-_-20_41_59-150x150.jpg\" class=\"attachment-thumbnail size-thumbnail\" alt=\"\" \/><\/a>\n\t\t\t<\/dt><\/dl><br style=\"clear: both\" \/><dl class='gallery-item'>\n\t\t\t<dt class='gallery-icon landscape'>\n\t\t\t\t<a href='https:\/\/franziskus-ameland.de\/?attachment_id=1064'><img loading=\"lazy\" decoding=\"async\" width=\"150\" height=\"150\" src=\"https:\/\/franziskus-ameland.de\/wp-content\/uploads\/2018\/07\/ameland_IMG_9383_08.08.2018-_-20_46_23-150x150.jpg\" class=\"attachment-thumbnail size-thumbnail\" alt=\"\" \/><\/a>\n\t\t\t<\/dt><\/dl><dl class='gallery-item'>\n\t\t\t<dt class='gallery-icon landscape'>\n\t\t\t\t<a href='https:\/\/franziskus-ameland.de\/?attachment_id=1065'><img loading=\"lazy\" decoding=\"async\" width=\"150\" height=\"150\" src=\"https:\/\/franziskus-ameland.de\/wp-content\/uploads\/2018\/07\/ameland_IMG_9384_08.08.2018-_-20_46_53-150x150.jpg\" class=\"attachment-thumbnail size-thumbnail\" alt=\"\" \/><\/a>\n\t\t\t<\/dt><\/dl><dl class='gallery-item'>\n\t\t\t<dt class='gallery-icon landscape'>\n\t\t\t\t<a href='https:\/\/franziskus-ameland.de\/?attachment_id=1066'><img loading=\"lazy\" decoding=\"async\" width=\"150\" height=\"150\" src=\"https:\/\/franziskus-ameland.de\/wp-content\/uploads\/2018\/07\/ameland_IMG_9395_08.08.2018-_-20_54_53-150x150.jpg\" class=\"attachment-thumbnail size-thumbnail\" alt=\"\" \/><\/a>\n\t\t\t<\/dt><\/dl><br style=\"clear: both\" \/>\n\t\t<\/div>\n\n<p>&nbsp;<\/p>\n<p>&nbsp;<\/p>\n","protected":false},"excerpt":{"rendered":"<p>Tag auf Ameland &#8211; Ankunft Hallo liebe Eltern, Bekannte, Freunde und Interessierte f\u00fcr unser Amelandlager. Wir&#8230;<\/p>\n","protected":false},"author":1,"featured_media":0,"comment_status":"closed","ping_status":"closed","sticky":false,"template":"","format":"standard","meta":{"ngg_post_thumbnail":0,"footnotes":""},"categories":[24],"tags":[],"class_list":["post-964","post","type-post","status-publish","format-standard","hentry","category-lager-2018"],"_links":{"self":[{"href":"https:\/\/franziskus-ameland.de\/index.php?rest_route=\/wp\/v2\/posts\/964"}],"collection":[{"href":"https:\/\/franziskus-ameland.de\/index.php?rest_route=\/wp\/v2\/posts"}],"about":[{"href":"https:\/\/franziskus-ameland.de\/index.php?rest_route=\/wp\/v2\/types\/post"}],"author":[{"embeddable":true,"href":"https:\/\/franziskus-ameland.de\/index.php?rest_route=\/wp\/v2\/users\/1"}],"replies":[{"embeddable":true,"href":"https:\/\/franziskus-ameland.de\/index.php?rest_route=%2Fwp%2Fv2%2Fcomments&post=964"}],"version-history":[{"count":13,"href":"https:\/\/franziskus-ameland.de\/index.php?rest_route=\/wp\/v2\/posts\/964\/revisions"}],"predecessor-version":[{"id":1067,"href":"https:\/\/franziskus-ameland.de\/index.php?rest_route=\/wp\/v2\/posts\/964\/revisions\/1067"}],"wp:attachment":[{"href":"https:\/\/franziskus-ameland.de\/index.php?rest_route=%2Fwp%2Fv2%2Fmedia&parent=964"}],"wp:term":[{"taxonomy":"category","embeddable":true,"href":"https:\/\/franziskus-ameland.de\/index.php?rest_route=%2Fwp%2Fv2%2Fcategories&post=964"},{"taxonomy":"post_tag","embeddable":true,"href":"https:\/\/franziskus-ameland.de\/index.php?rest_route=%2Fwp%2Fv2%2Ftags&post=964"}],"curies":[{"name":"wp","href":"https:\/\/api.w.org\/{rel}","templated":true}]}}