{"id":736,"date":"2016-08-05T12:35:03","date_gmt":"2016-08-05T11:35:03","guid":{"rendered":"http:\/\/franziskus-ameland.de\/?p=736"},"modified":"2018-07-30T12:50:20","modified_gmt":"2018-07-30T11:50:20","slug":"lagerblog-2-woche","status":"publish","type":"post","link":"https:\/\/franziskus-ameland.de\/?p=736","title":{"rendered":"Lagerblog 2016 &#8211; 2. Woche"},"content":{"rendered":"<p><strong>Tag\u00a0 7und 8<\/strong><\/p>\n<p>Sorry f\u00fcr die kleine Versp\u00e4tung heute fassen wir Tag 6 und 7 zusammen. Der Morgen des 6 Tages begann damit, dass Kinder und Betreuer die M\u00f6glichkeit bekamen in die Stadt zu gehen und kleine Andenken zu Kaufen oder einfach nur die Stadt Nes zu besichtigen. Das bestellte Wetter f\u00fcr den Nachmittag war auch super und somit ging es nach dem Mittagessen zum Strand, die Kinder durften bis zur H\u00fcfte ins Wasser. Am Abend stand Wetten dass!? auf dem Programm. Wieder einmal zeigten sich die Betreuer und Kinder von der Kreativen Seite tolle Wetten und gute Stimmung begleitete uns den ganzen Abend auch das Aufr\u00e4umen im Anschluss klappte auch super wir konnten die Bettruhe um 22.30 Uhr einhalten.<\/p>\n<p>Am Sonntagmorgen hatte jede Gruppe Individuell die M\u00f6glichkeit etwas zu planen, einige gingen zum Wasserspielplatz andere blieben im Lager oder bastelten an ihren Sachen aus den jeweiligen Workshops. Zum Mittagessen gab es heute Gulasch mit Kohlrabi und Kartoffeln mega Lecker. Gest\u00e4rkt ging es nun um 14.30 Uhr zum Betreuer such Spiel nach Nes, viele Kinder und Betreuer aus anderen Lagern nahmen an diesen Gemeinschaftsspiel teil und das Dorf Nes platzte fast aus allen N\u00e4hten. Gott sei Dank hielt das Wetter und wir konnten das Lagerfeuer am Strand starten.<\/p>\n<p>[evigallery view=&#8220;gallery&#8220; id=&#8220;663&#8243;]<\/p>\n<p><strong>Tag 9<\/strong><\/p>\n<p>Montagmorgen Tag 9, ausschlafen stand auf dem Programm. Die Kochfrauen hatten frei und die Lagerleitung richtete zusammen mit der Nachtwache das Fr\u00fchst\u00fccksbuffet her was am Vortag von Maren, Nina und Katja liebevoll vorbereite wurde. Stefan und Jens hatten den Auftrag den Sch\u00fctzenfest Vogel zu bauen und er wurde auch passend zum Sch\u00fctzenfest am Nachmittag fertig. Jan Schockmann brachte den Vogel mit einem gekonnten Wurf zu Fall und w\u00e4hlte als seine K\u00f6nigin Kim aus. Der Hofstaat bestand aus 7 Paaren. Lennart und Ida, S\u00f6ren und Kristin, Jonas und Franni, Lars und Nele, Phillip und Corinna, Jonathan und Anna sowie Joshi und Sophie. Als Kartoffelk\u00f6nig wurden Charlotte und Mika ausgew\u00e4hlt. (f\u00fcr den unmotiviertesten M\u00e4nnlichen und Weiblichen Werfer). Wie bei einem richtigen Sch\u00fctzenfest gab es nat\u00fcrlich Bratwurst mit Pommes. Da der Vogel so fr\u00fch viel konnten wir noch eine richtige Wasserschlacht starten. Der Abend endete um 21.30 Uhr nach einer tollen Aftershow Party.<\/p>\n<p>[evigallery view=&#8220;gallery&#8220; id=&#8220;706&#8243;]<\/p>\n<p><strong>Tag 10 <\/strong><\/p>\n<p>Tag 10, die gebastelten Sachen aus den Workshops mussten fertig werden und so wurde am Vormittag erst noch einmal gebastelt. Am Nachmittag studierten die Gruppen noch T\u00e4nze ein und Herr Linsen unserer Pastor traf auch wie geplant um 15 Uhr am Hof ein. Wir schnappten uns kurzer Hand die beiden J\u00fcngsten M\u00e4dchen und Jungen Gruppen und fuhren zum Beckumer Lager und klauten die Lagerfahne. Alles lief glatt und die Stimmung bei uns war Mega geil. Am Abend zockten wir Fu\u00dfball, Volleyball und Menschenkicker, frisch geduscht gingen die Kinder um 22.30 Uhr ins Bett.<\/p>\n<p>[evigallery view=&#8220;gallery&#8220; id=&#8220;730&#8243;]<\/p>\n<p><strong>Tag 11 und 12<\/strong><\/p>\n<p>Nach dem der Pastor gut bei uns eingetroffen ist feierten wir am Mittwoch eine wirklich tolle Messe. Im Anschluss daran wurden die Schlafr\u00e4ume aufger\u00e4umt und die Kinder konnten Spielen. Kulturelle Interessensgruppen stand f\u00fcr den Nachmittag auf dem Programm und es wurde mit dem Schleppnetz gefischt, der Leuchtturm besucht oder in die Spring D\u00fcnen gefahren. F\u00fcr das Abendprogramm studierten die Kinder T\u00e4nze ein. \u201eAmeland sucht den Superstar\u201c konnte somit starten. Bettruhe war um 22.30 Uhr.<\/p>\n<p>Am Donnerstagmorgen machten wir eine Kutter fahrt bei guten Wellengang wurde mit Schleppnetzen gefischt. Krebse, Schollen, Krabben und Dorsche fanden den Weg ins Netz ein sch\u00f6nes Erlebnis f\u00fcr die Kinder und Betreuer. Das Mittagessen startete an diesem Tag etwas sp\u00e4ter. Es gab Nudeln mit Spinat So\u00dfe, genau das richtige f\u00fcr das Sport Event gegen Beckum. V\u00f6lkerball sowie Fu\u00dfball wurde von den Kindern und Betreuern gespielt, Menschenkicker stand f\u00fcr die Kochfrauen auf dem Programm. Beim V\u00f6lkerball hatte Beckum die Nase vorne daf\u00fcr gewann Vellern beim Menschenkicker und beim Fu\u00dfball. Im Vordergrund stand aber der Spa\u00df und Fair Play, alle hielten sich dran und es verletzte sich niemand. Am Abend ging es ruhig ab, da alle ziemlich platt waren vom langen Tag einige lagen bereits um 21.45 Uhr in den Federn.<\/p>\n<p>[evigallery view=&#8220;gallery&#8220; id=&#8220;816&#8243;]<\/p>\n<p><strong>Tag 13 &#8211; Leider gehts nach Haus!<\/strong><\/p>\n<p>Die Abschlusshow ist durch und Mr und Mrs Ameland haben auch schon getanzt! Das hei\u00dft &#8230; wir fahren bald nach Haus! Aber wir haben viel erlebt! Nach einer letzten Spontandisco konnten heute sogar alle Kinder 2 mal ins Bett gehen&#8230; Hier noch die letzten Fotos f\u00fcr dieses Jahr! Ganz herzlich m\u00fcssen wir nochmal bei unseren Sponsoren und allen Unterst\u00fctzern bedanken. Durch Ihre Unterst\u00fctzung konnten wir einige Sachen mit den Kindern Unternehmen (wie z.B. die Kutterfahrt), die sonst nicht drin gewesen w\u00e4re!<\/p>\n<p>[evigallery view=&#8220;gallery&#8220; id=&#8220;842&#8243;]<\/p>\n","protected":false},"excerpt":{"rendered":"<p>Tag\u00a0 7und 8 Sorry f\u00fcr die kleine Versp\u00e4tung heute fassen wir Tag 6 und 7 zusammen&#8230;.<\/p>\n","protected":false},"author":1,"featured_media":0,"comment_status":"open","ping_status":"closed","sticky":false,"template":"","format":"standard","meta":{"ngg_post_thumbnail":0,"footnotes":""},"categories":[23],"tags":[],"class_list":["post-736","post","type-post","status-publish","format-standard","hentry","category-lager-2016"],"_links":{"self":[{"href":"https:\/\/franziskus-ameland.de\/index.php?rest_route=\/wp\/v2\/posts\/736"}],"collection":[{"href":"https:\/\/franziskus-ameland.de\/index.php?rest_route=\/wp\/v2\/posts"}],"about":[{"href":"https:\/\/franziskus-ameland.de\/index.php?rest_route=\/wp\/v2\/types\/post"}],"author":[{"embeddable":true,"href":"https:\/\/franziskus-ameland.de\/index.php?rest_route=\/wp\/v2\/users\/1"}],"replies":[{"embeddable":true,"href":"https:\/\/franziskus-ameland.de\/index.php?rest_route=%2Fwp%2Fv2%2Fcomments&post=736"}],"version-history":[{"count":7,"href":"https:\/\/franziskus-ameland.de\/index.php?rest_route=\/wp\/v2\/posts\/736\/revisions"}],"predecessor-version":[{"id":962,"href":"https:\/\/franziskus-ameland.de\/index.php?rest_route=\/wp\/v2\/posts\/736\/revisions\/962"}],"wp:attachment":[{"href":"https:\/\/franziskus-ameland.de\/index.php?rest_route=%2Fwp%2Fv2%2Fmedia&parent=736"}],"wp:term":[{"taxonomy":"category","embeddable":true,"href":"https:\/\/franziskus-ameland.de\/index.php?rest_route=%2Fwp%2Fv2%2Fcategories&post=736"},{"taxonomy":"post_tag","embeddable":true,"href":"https:\/\/franziskus-ameland.de\/index.php?rest_route=%2Fwp%2Fv2%2Ftags&post=736"}],"curies":[{"name":"wp","href":"https:\/\/api.w.org\/{rel}","templated":true}]}}